{"id":92,"date":"2020-05-05T15:34:05","date_gmt":"2020-05-05T15:34:05","guid":{"rendered":"https:\/\/janette-bergmann.de\/?p=92"},"modified":"2026-04-16T13:42:37","modified_gmt":"2026-04-16T13:42:37","slug":"aktuelles","status":"publish","type":"post","link":"https:\/\/janette-bergmann.de\/?p=92","title":{"rendered":"YOGAWOCHENENDE &#8211; RETREAT"},"content":{"rendered":"\n<div class=\"wp-block-group\"><div class=\"wp-block-group__inner-container is-layout-flow wp-block-group-is-layout-flow\"><\/div><\/div>\n\n\n\n<p class=\"has-text-align-center\"><\/p>\n\n\n\n<p><\/p>\n\n\n\n<p class=\"has-text-align-center\"><strong>Auszeit in der Windm\u00fchle Seifhennersdorf <\/strong><\/p>\n\n\n\n<figure class=\"wp-block-image size-large is-resized\"><img loading=\"lazy\" decoding=\"async\" width=\"724\" height=\"1024\" src=\"https:\/\/janette-bergmann.de\/wp-content\/uploads\/2020\/05\/Yogawochenende-2-724x1024.png\" alt=\"\" class=\"wp-image-1631\" style=\"width:840px;height:auto\" srcset=\"https:\/\/janette-bergmann.de\/wp-content\/uploads\/2020\/05\/Yogawochenende-2-724x1024.png 724w, https:\/\/janette-bergmann.de\/wp-content\/uploads\/2020\/05\/Yogawochenende-2-212x300.png 212w, https:\/\/janette-bergmann.de\/wp-content\/uploads\/2020\/05\/Yogawochenende-2-768x1086.png 768w, https:\/\/janette-bergmann.de\/wp-content\/uploads\/2020\/05\/Yogawochenende-2-1086x1536.png 1086w, https:\/\/janette-bergmann.de\/wp-content\/uploads\/2020\/05\/Yogawochenende-2-1448x2048.png 1448w, https:\/\/janette-bergmann.de\/wp-content\/uploads\/2020\/05\/Yogawochenende-2-424x600.png 424w, https:\/\/janette-bergmann.de\/wp-content\/uploads\/2020\/05\/Yogawochenende-2-scaled.png 1810w\" sizes=\"auto, (max-width: 724px) 100vw, 724px\" \/><\/figure>\n\n\n\n<figure class=\"wp-block-image size-large is-resized\"><img loading=\"lazy\" decoding=\"async\" width=\"724\" height=\"1024\" src=\"https:\/\/janette-bergmann.de\/wp-content\/uploads\/2020\/05\/Yogawochenende-1-1-724x1024.png\" alt=\"\" class=\"wp-image-1636\" style=\"width:840px;height:auto\" srcset=\"https:\/\/janette-bergmann.de\/wp-content\/uploads\/2020\/05\/Yogawochenende-1-1-724x1024.png 724w, https:\/\/janette-bergmann.de\/wp-content\/uploads\/2020\/05\/Yogawochenende-1-1-212x300.png 212w, https:\/\/janette-bergmann.de\/wp-content\/uploads\/2020\/05\/Yogawochenende-1-1-768x1086.png 768w, https:\/\/janette-bergmann.de\/wp-content\/uploads\/2020\/05\/Yogawochenende-1-1-1086x1536.png 1086w, https:\/\/janette-bergmann.de\/wp-content\/uploads\/2020\/05\/Yogawochenende-1-1-1448x2048.png 1448w, https:\/\/janette-bergmann.de\/wp-content\/uploads\/2020\/05\/Yogawochenende-1-1-424x600.png 424w, https:\/\/janette-bergmann.de\/wp-content\/uploads\/2020\/05\/Yogawochenende-1-1-scaled.png 1810w\" sizes=\"auto, (max-width: 724px) 100vw, 724px\" \/><\/figure>\n\n\n\n<figure class=\"wp-block-table\"><table><tbody><tr><td>Freitag<\/td><td>Samstag<\/td><td>Sonntag<\/td><\/tr><tr><td><\/td><td>08:00 Fr\u00fchst\u00fcck<\/td><td>08:00 Fr\u00fchst\u00fcck<\/td><\/tr><tr><td><\/td><td>Zeit f\u00fcr Dich<\/td><td>Zeit f\u00fcr Dich<\/td><\/tr><tr><td><\/td><td>09:30 &#8211; 12:00 Yoga<\/td><td>09:30 &#8211; 12:00 Yoga<\/td><\/tr><tr><td><\/td><td>12:00 Mittag<\/td><td>12:00 Mittag<\/td><\/tr><tr><td>Anreise<\/td><td>Zeit f\u00fcr Dich<\/td><td>Abreise<\/td><\/tr><tr><td>18:00 Abendessen<\/td><td>18:00 Abendessen<\/td><td><\/td><\/tr><tr><td>19:30 &#8211; 21:00 Yoga<\/td><td>19:30 &#8211; 21:00 Yoga<\/td><td><\/td><\/tr><\/tbody><\/table><\/figure>\n\n\n\n<p class=\"has-text-align-left\"><strong>Preis f\u00fcrs Yoga<\/strong>: <strong>260,00 \u20ac<\/strong> &#8222;Fr\u00fchbucherpreis&#8220; &#8211;<strong> sonst 299,00 \u20ac<\/strong> (pro Person\/ Mindestteilnehmer 6 Personen)<\/p>\n\n\n\n<p><strong>Preis<\/strong> f\u00fcr \u00dcN inkl. Vollpension \/ Nacht \/ Person bitte in der Windm\u00fchle erfragen<\/p>\n\n\n\n<p><strong>Preis<\/strong> ohne \u00dcN mit Vollpension\/ Person bitte in der Windm\u00fchle erfragen<\/p>\n\n\n\n<p><strong>Die \u00dcbernachtung und Verpflegung bitte unbedingt vorab selbst in der Windm\u00fchle buchen:<\/strong><\/p>\n\n\n\n<p>S\u00e4chsische Bildungs- und Begegnungsst\u00e4tte<br>Windm\u00fchle Seifhennersdorf e.V.<br>Neugersdorfer Stra\u00dfe 7<br>02782 Seifhennersdorf<\/p>\n\n\n\n<p>FON: &nbsp;(03586) 34098-0           <a href=\"https:\/\/deref-web.de\/mail\/client\/Z1WAsUxrVq0\/dereferrer\/?redirectUrl=http%3A%2F%2Fwww.windmuehle-seifhennersdorf.de\" target=\"_blank\" rel=\"noreferrer noopener\">www.windmuehle-seifhennersdorf.de<\/a><\/p>\n\n\n\n<p class=\"has-small-font-size\"><strong>Teilnahmevoraussetzungen &amp; Kontraindikationen&nbsp;<\/strong>* Wenn Sie sich zu diesem Kurs anmelden, best\u00e4tigen Sie verbindlich, dass bei Ihnen derzeit keine genannten Kontraindikationen vorliegen und sie sowohl physisch als auch psychisch in der Lage sind, teilzunehmen. Dieser Kurs ist nicht f\u00fcr Sie geeignet, wenn einer der unten genannten Punkte auf Sie zutrifft oder Sie an einer der folgenden Erkrankungen leiden:<\/p>\n\n\n\n<ul class=\"wp-block-list\">\n<li>ab der 38. Schwangerschaftswoche<\/li>\n\n\n\n<li>akute Infektionskrankheit (Grippe, Fieber)<\/li>\n\n\n\n<li>akute behandlungsbed\u00fcrftige Erkrankung des Bewegungsapparates<\/li>\n\n\n\n<li>akuter Bandscheibenvorfall<\/li>\n\n\n\n<li>starker Bluthochdruck<\/li>\n\n\n\n<li>schwere Herzkrankheiten\/Herzfunktionsst\u00f6rungen<\/li>\n\n\n\n<li>Ateminsuffizienz<\/li>\n\n\n\n<li>akute behandlungsbed\u00fcrftige psychische Erkrankung<\/li>\n<\/ul>\n\n\n\n<p class=\"has-small-font-size\">&nbsp;*&nbsp;Mit der Anmeldung stimmen Sie den AGB zu und best\u00e4tigen, dass keine Kontraindikationen und Ausschlusskriterien bei Ihnen vorliegen.<\/p>\n\n\n\n<p class=\"has-small-font-size\">Senden sie mir einfach eine unverbindliche Anfrage per mail oder kontaktieren Sie mich telefonisch um Fragen zu kl\u00e4ren. Ich freu mich auf Sie.<\/p>\n\n\n\n<p><\/p>\n","protected":false},"excerpt":{"rendered":"<p>Auszeit in der Windm\u00fchle Seifhennersdorf Freitag Samstag Sonntag 08:00 Fr\u00fchst\u00fcck 08:00 Fr\u00fchst\u00fcck Zeit f\u00fcr Dich Zeit f\u00fcr Dich 09:30 &#8211; 12:00 Yoga 09:30 &#8211; 12:00 Yoga 12:00 Mittag 12:00 Mittag Anreise Zeit f\u00fcr Dich Abreise 18:00 Abendessen 18:00 Abendessen 19:30 &#8211; 21:00 Yoga 19:30 &#8211; 21:00 Yoga Preis f\u00fcrs Yoga: 260,00 \u20ac &#8222;Fr\u00fchbucherpreis&#8220; &#8211; sonst [&hellip;]<\/p>\n","protected":false},"author":1,"featured_media":0,"comment_status":"open","ping_status":"open","sticky":false,"template":"","format":"standard","meta":{"_monsterinsights_skip_tracking":false,"_monsterinsights_sitenote_active":false,"_monsterinsights_sitenote_note":"","_monsterinsights_sitenote_category":0,"two_page_speed":[],"footnotes":""},"categories":[4],"tags":[],"class_list":["post-92","post","type-post","status-publish","format-standard","hentry","category-aktuelle-angebote"],"_links":{"self":[{"href":"https:\/\/janette-bergmann.de\/index.php?rest_route=\/wp\/v2\/posts\/92","targetHints":{"allow":["GET"]}}],"collection":[{"href":"https:\/\/janette-bergmann.de\/index.php?rest_route=\/wp\/v2\/posts"}],"about":[{"href":"https:\/\/janette-bergmann.de\/index.php?rest_route=\/wp\/v2\/types\/post"}],"author":[{"embeddable":true,"href":"https:\/\/janette-bergmann.de\/index.php?rest_route=\/wp\/v2\/users\/1"}],"replies":[{"embeddable":true,"href":"https:\/\/janette-bergmann.de\/index.php?rest_route=%2Fwp%2Fv2%2Fcomments&post=92"}],"version-history":[{"count":69,"href":"https:\/\/janette-bergmann.de\/index.php?rest_route=\/wp\/v2\/posts\/92\/revisions"}],"predecessor-version":[{"id":1664,"href":"https:\/\/janette-bergmann.de\/index.php?rest_route=\/wp\/v2\/posts\/92\/revisions\/1664"}],"wp:attachment":[{"href":"https:\/\/janette-bergmann.de\/index.php?rest_route=%2Fwp%2Fv2%2Fmedia&parent=92"}],"wp:term":[{"taxonomy":"category","embeddable":true,"href":"https:\/\/janette-bergmann.de\/index.php?rest_route=%2Fwp%2Fv2%2Fcategories&post=92"},{"taxonomy":"post_tag","embeddable":true,"href":"https:\/\/janette-bergmann.de\/index.php?rest_route=%2Fwp%2Fv2%2Ftags&post=92"}],"curies":[{"name":"wp","href":"https:\/\/api.w.org\/{rel}","templated":true}]}}